{"id":8368,"date":"2021-09-23T14:20:35","date_gmt":"2021-09-23T14:20:35","guid":{"rendered":"https:\/\/laflorida.cat\/?p=8368"},"modified":"2021-10-27T12:33:33","modified_gmt":"2021-10-27T10:33:33","slug":"excursio-1r-trimestre","status":"publish","type":"post","link":"https:\/\/laflorida.cat\/es\/excursio-1r-trimestre\/","title":{"rendered":"EXCURSI\u00d3 1r TRIMESTRE"},"content":{"rendered":"<p>Aquest trimestre marxem d&#8217;excursi\u00f3 al Parc Natural de Sant Lloren\u00e7 de Munt i l&#8217;Obac. En aquesta sortida es tindran en compte totes les mesures COVID.<\/p>\n<p><em>Quines dates?<\/em><\/p>\n<p>INFANTIL (p3, p4 i p5): Dimecres 6 d&#8217;octubre<\/p>\n<p>PRIM\u00c0RIA: Divendres 8 d&#8217;octubre<\/p>\n<p>SECUND\u00c0RIA: Dijous 7 d&#8217;octubre<\/p>\n<p>&nbsp;<\/p>\n<p><em>Qu\u00e8 farem all\u00e0?<\/em><\/p>\n<p>Descobrirem els colors de la tardor i l\u2019estat de la naturalesa durant aquesta \u00e8poca de l\u2019any. Anirem guiats, a part de les tutores i personal de refor\u00e7 de l\u2019escola, per un educador\/a ambiental i coneixedor de les caracter\u00edstiques de la zona. Identificarem les plantes segons les formes i olors, i observarem i escoltarem els animals m\u00e9s caracter\u00edstics de la zona.<\/p>\n<p>&nbsp;<\/p>\n<p><strong>T&#8217;HI APUNTES? <\/strong>Preguta a secretaria si tens m\u00e9s dubtes.<\/p>\n<p>&nbsp;<\/p>","protected":false},"excerpt":{"rendered":"<p>Aquest trimestre marxem d&#8217;excursi\u00f3 al Parc Natural de Sant Lloren\u00e7 de Munt i l&#8217;Obac. En aquesta sortida es tindran en compte totes les mesures COVID. Quines dates? INFANTIL (p3, p4 i p5): Dimecres 6 d&#8217;octubre PRIM\u00c0RIA: Divendres 8 d&#8217;octubre SECUND\u00c0RIA: Dijous 7 d&#8217;octubre &nbsp; Qu\u00e8 farem all\u00e0? Descobrirem els colors de la tardor i l\u2019estat [&hellip;]<\/p>","protected":false},"author":2,"featured_media":0,"comment_status":"open","ping_status":"open","sticky":false,"template":"","format":"standard","meta":{"rank_math_lock_modified_date":false,"footnotes":""},"categories":[7],"tags":[],"_links":{"self":[{"href":"https:\/\/laflorida.cat\/es\/wp-json\/wp\/v2\/posts\/8368"}],"collection":[{"href":"https:\/\/laflorida.cat\/es\/wp-json\/wp\/v2\/posts"}],"about":[{"href":"https:\/\/laflorida.cat\/es\/wp-json\/wp\/v2\/types\/post"}],"author":[{"embeddable":true,"href":"https:\/\/laflorida.cat\/es\/wp-json\/wp\/v2\/users\/2"}],"replies":[{"embeddable":true,"href":"https:\/\/laflorida.cat\/es\/wp-json\/wp\/v2\/comments?post=8368"}],"version-history":[{"count":0,"href":"https:\/\/laflorida.cat\/es\/wp-json\/wp\/v2\/posts\/8368\/revisions"}],"wp:attachment":[{"href":"https:\/\/laflorida.cat\/es\/wp-json\/wp\/v2\/media?parent=8368"}],"wp:term":[{"taxonomy":"category","embeddable":true,"href":"https:\/\/laflorida.cat\/es\/wp-json\/wp\/v2\/categories?post=8368"},{"taxonomy":"post_tag","embeddable":true,"href":"https:\/\/laflorida.cat\/es\/wp-json\/wp\/v2\/tags?post=8368"}],"curies":[{"name":"wp","href":"https:\/\/api.w.org\/{rel}","templated":true}]}}