{"id":8015,"date":"2020-07-27T10:49:21","date_gmt":"2020-07-27T10:49:21","guid":{"rendered":"https:\/\/laflorida.cat\/?p=8015"},"modified":"2021-10-27T12:33:48","modified_gmt":"2021-10-27T10:33:48","slug":"informacio-urgent-targetes-moneder-menjador","status":"publish","type":"post","link":"https:\/\/laflorida.cat\/es\/informacio-urgent-targetes-moneder-menjador\/","title":{"rendered":"INFORMACI\u00d3 URGENT TARGETES-MONEDER \/ MENJADOR"},"content":{"rendered":"<div>El Departament d&#8217;Educaci\u00f3 ha publicat una instrucci\u00f3 on canvia la data de vinculaci\u00f3 de les targetes moneder a les beques menjador. <strong>Amb data de 31 de juliol aquestes targetes quedaran sense saldo<\/strong>, contr\u00e0riament al que hav\u00edem informat a les fam\u00edlies i al que indica la caducitat de la mateixa targeta, 31 de desembre.<\/div>\n<div>&nbsp;<\/div>\n<div><strong>A efectes pr\u00e0ctics les targetes quedaran a zero el proper divendres.<\/strong>&nbsp;Les fam\u00edlies que encara no hagin esgotat el saldo ho hauran de fer abans del 31 de juliol.&nbsp;<\/div>\n<div>&nbsp;<\/div>\n<div><strong>\u00c9s molt important que no llenceu les targes i que les retorneu a l&#8217;escola a l&#8217;inici del proper curs<\/strong>.&nbsp;<\/div>","protected":false},"excerpt":{"rendered":"<p>El Departament d&#8217;Educaci\u00f3 ha publicat una instrucci\u00f3 on canvia la data de vinculaci\u00f3 de les targetes moneder a les beques menjador. Amb data de 31 de juliol aquestes targetes quedaran sense saldo, contr\u00e0riament al que hav\u00edem informat a les fam\u00edlies i al que indica la caducitat de la mateixa targeta, 31 de desembre. &nbsp; A [&hellip;]<\/p>","protected":false},"author":2,"featured_media":0,"comment_status":"open","ping_status":"open","sticky":false,"template":"","format":"standard","meta":{"rank_math_lock_modified_date":false,"footnotes":""},"categories":[7],"tags":[],"_links":{"self":[{"href":"https:\/\/laflorida.cat\/es\/wp-json\/wp\/v2\/posts\/8015"}],"collection":[{"href":"https:\/\/laflorida.cat\/es\/wp-json\/wp\/v2\/posts"}],"about":[{"href":"https:\/\/laflorida.cat\/es\/wp-json\/wp\/v2\/types\/post"}],"author":[{"embeddable":true,"href":"https:\/\/laflorida.cat\/es\/wp-json\/wp\/v2\/users\/2"}],"replies":[{"embeddable":true,"href":"https:\/\/laflorida.cat\/es\/wp-json\/wp\/v2\/comments?post=8015"}],"version-history":[{"count":0,"href":"https:\/\/laflorida.cat\/es\/wp-json\/wp\/v2\/posts\/8015\/revisions"}],"wp:attachment":[{"href":"https:\/\/laflorida.cat\/es\/wp-json\/wp\/v2\/media?parent=8015"}],"wp:term":[{"taxonomy":"category","embeddable":true,"href":"https:\/\/laflorida.cat\/es\/wp-json\/wp\/v2\/categories?post=8015"},{"taxonomy":"post_tag","embeddable":true,"href":"https:\/\/laflorida.cat\/es\/wp-json\/wp\/v2\/tags?post=8015"}],"curies":[{"name":"wp","href":"https:\/\/api.w.org\/{rel}","templated":true}]}}